{"id":4004,"date":"2026-09-01T12:58:52","date_gmt":"2026-09-01T15:58:52","guid":{"rendered":"https:\/\/planangelelli.larioja.gob.ar\/?p=4004"},"modified":"2026-09-01T12:58:52","modified_gmt":"2026-09-01T15:58:52","slug":"gaby-pedrali-entrego-una-nueva-vivienda-del-plan-angelelli-para-una-familia-del-barrio-santa-barbara","status":"publish","type":"post","link":"https:\/\/planangelelli.larioja.gob.ar\/?p=4004","title":{"rendered":"Gaby Pedrali entreg\u00f3 una nueva vivienda del Plan Angelelli para una familia del barrio Santa B\u00e1rbara"},"content":{"rendered":"\t\t<div data-elementor-type=\"wp-post\" data-elementor-id=\"4004\" class=\"elementor elementor-4004\" data-elementor-post-type=\"post\">\n\t\t\t\t<div class=\"elementor-element elementor-element-4362529c e-flex e-con-boxed e-con e-parent\" data-id=\"4362529c\" data-element_type=\"container\">\n\t\t\t\t\t<div class=\"e-con-inner\">\n\t\t\t\t<div class=\"elementor-element elementor-element-60702eb9 elementor-widget elementor-widget-text-editor\" data-id=\"60702eb9\" data-element_type=\"widget\" data-widget_type=\"text-editor.default\">\n\t\t\t\t\t\t\t\t\t<p>Este lunes, la diputada nacional Gabriela Pedrali, impulsora del Plan Angelelli, entreg\u00f3 una nueva vivienda a una familia del barrio Santa B\u00e1rbara de la Capital riojana, reafirmando el compromiso de seguir construyendo respuestas concretas frente a las necesidades habitacionales de las familias riojanas y garantizando el derecho a un hogar digno.<br \/>Zaira, Brian y su hija Ail\u00edn cumplieron el sue\u00f1o de tener su casa propia a trav\u00e9s de esta pol\u00edtica habitacional provincial, que contin\u00faa llegando a familias de distintos puntos de La Rioja y transformando necesidades en derechos, proyectos de vida y nuevas oportunidades.<\/p><p>La diputada nacional Gabriela Pedrali, impulsora del Plan Angelelli, destac\u00f3 que detr\u00e1s de cada vivienda existe una decisi\u00f3n pol\u00edtica, una planificaci\u00f3n y un Estado que decide acompa\u00f1ar a las familias, especialmente en momentos donde acceder a una casa propia se vuelve cada vez m\u00e1s dif\u00edcil.<br \/>\u201cEste Plan es el reflejo de una gesti\u00f3n profundamente humana, que se materializa en acciones concretas como estas. Es planificaci\u00f3n, es pensar en las familias y es seguir trabajando, a\u00fan en tiempos dif\u00edciles, para que m\u00e1s riojanos puedan cumplir el sue\u00f1o de tener su casa propia. Porque cuando una familia recibe las llaves de su hogar, no estamos entregando solamente una vivienda: estamos construyendo dignidad, futuro y nuevas oportunidades\u201d, sostuvo Pedrali.<\/p><p>Zaira recibi\u00f3 las llaves junto a su pareja Brian y su hija Ail\u00edn, en un momento cargado de emoci\u00f3n y significado para toda la familia. \u201cEstoy que exploto de emoci\u00f3n. Es algo que ven\u00edamos esperando hace tanto tiempo. Hoy mi hija ya tiene su casa y es algo que voy a estar agradecida toda la vida\u201d, expres\u00f3.<br \/>Para ellos, tener una vivienda propia significa mucho m\u00e1s que contar con un techo. Es abrir la puerta a una nueva etapa, construir un hogar y darle a Ail\u00edn un espacio propio donde crecer, compartir y so\u00f1ar.<br \/>\u201cElla so\u00f1aba con tener su pieza, su lugar, para invitar a sus amigas y hacer pijamadas. Est\u00e1 s\u00faper contenta. Es un sue\u00f1o cumplido\u201d, cont\u00f3 su mam\u00e1.<br \/>Zaira tambi\u00e9n valor\u00f3 el acompa\u00f1amiento recibido y las transformaciones que se vienen realizando en el barrio mediante el Plan Angelelli: \u201cEs un barrio muy lindo, entre vecinos somos muy unidos y las casas son hermosas. Nunca hubiera podido hacerlo sola. Nosotros vivimos el d\u00eda a d\u00eda y cuesta mucho\u201d.<\/p><p>La historia de esta familia se suma a muchas otras que encontraron en una pol\u00edtica p\u00fablica provincial una respuesta concreta a una necesidad que atraviesa a miles de hogares: la posibilidad de acceder a una vivienda digna y construir un proyecto de vida.<br \/>Desde su puesta en marcha, el Plan Angelelli sostiene una mirada integral sobre el h\u00e1bitat, entendiendo que una vivienda no es solamente una construcci\u00f3n, sino el punto de partida para fortalecer los v\u00ednculos, la comunidad y las oportunidades de cada familia riojana.<\/p>\t\t\t\t\t\t\t\t<\/div>\n\t\t\t\t\t<\/div>\n\t\t\t\t<\/div>\n\t\t<div class=\"elementor-element elementor-element-1f3129a e-flex e-con-boxed e-con e-parent\" data-id=\"1f3129a\" data-element_type=\"container\">\n\t\t\t\t\t<div class=\"e-con-inner\">\n\t\t\t\t<div class=\"elementor-element elementor-element-165d3cb elementor-arrows-position-inside elementor-pagination-position-outside elementor-widget elementor-widget-image-carousel\" data-id=\"165d3cb\" data-element_type=\"widget\" data-settings=\"{&quot;navigation&quot;:&quot;both&quot;,&quot;autoplay&quot;:&quot;yes&quot;,&quot;pause_on_hover&quot;:&quot;yes&quot;,&quot;pause_on_interaction&quot;:&quot;yes&quot;,&quot;autoplay_speed&quot;:5000,&quot;infinite&quot;:&quot;yes&quot;,&quot;speed&quot;:500}\" data-widget_type=\"image-carousel.default\">\n\t\t\t\t\t\t\t<div class=\"elementor-image-carousel-wrapper swiper\" role=\"region\" aria-roledescription=\"carousel\" aria-label=\"Carrusel de im\u00e1genes\" dir=\"ltr\">\n\t\t\t<div class=\"elementor-image-carousel swiper-wrapper\" aria-live=\"off\">\n\t\t\t\t\t\t\t\t<div class=\"swiper-slide\" role=\"group\" aria-roledescription=\"slide\" aria-label=\"1 of 5\"><figure class=\"swiper-slide-inner\"><img decoding=\"async\" class=\"swiper-slide-image\" src=\"https:\/\/planangelelli.larioja.gob.ar\/wp-content\/uploads\/2026\/09\/WhatsApp-Image-2026-09-01-at-10.58.36-AM-3-300x200.jpeg\" alt=\"WhatsApp Image 2026-09-01 at 10.58.36 AM (3)\" \/><\/figure><\/div><div class=\"swiper-slide\" role=\"group\" aria-roledescription=\"slide\" aria-label=\"2 of 5\"><figure class=\"swiper-slide-inner\"><img decoding=\"async\" class=\"swiper-slide-image\" src=\"https:\/\/planangelelli.larioja.gob.ar\/wp-content\/uploads\/2026\/09\/WhatsApp-Image-2026-09-01-at-10.58.36-AM-2-300x200.jpeg\" alt=\"WhatsApp Image 2026-09-01 at 10.58.36 AM (2)\" \/><\/figure><\/div><div class=\"swiper-slide\" role=\"group\" aria-roledescription=\"slide\" aria-label=\"3 of 5\"><figure class=\"swiper-slide-inner\"><img decoding=\"async\" class=\"swiper-slide-image\" src=\"https:\/\/planangelelli.larioja.gob.ar\/wp-content\/uploads\/2026\/09\/WhatsApp-Image-2026-09-01-at-10.58.36-AM-1-300x200.jpeg\" alt=\"WhatsApp Image 2026-09-01 at 10.58.36 AM (1)\" \/><\/figure><\/div><div class=\"swiper-slide\" role=\"group\" aria-roledescription=\"slide\" aria-label=\"4 of 5\"><figure class=\"swiper-slide-inner\"><img decoding=\"async\" class=\"swiper-slide-image\" src=\"https:\/\/planangelelli.larioja.gob.ar\/wp-content\/uploads\/2026\/09\/WhatsApp-Image-2026-09-01-at-10.58.36-AM-300x200.jpeg\" alt=\"WhatsApp Image 2026-09-01 at 10.58.36 AM\" \/><\/figure><\/div><div class=\"swiper-slide\" role=\"group\" aria-roledescription=\"slide\" aria-label=\"5 of 5\"><figure class=\"swiper-slide-inner\"><img decoding=\"async\" class=\"swiper-slide-image\" src=\"https:\/\/planangelelli.larioja.gob.ar\/wp-content\/uploads\/2026\/09\/WhatsApp-Image-2026-09-01-at-10.58.35-AM-1-300x200.jpeg\" alt=\"WhatsApp Image 2026-09-01 at 10.58.35 AM (1)\" \/><\/figure><\/div>\t\t\t<\/div>\n\t\t\t\t\t\t\t\t\t\t\t\t<div class=\"elementor-swiper-button elementor-swiper-button-prev\" role=\"button\" tabindex=\"0\">\n\t\t\t\t\t\t<svg aria-hidden=\"true\" class=\"e-font-icon-svg e-eicon-chevron-left\" viewBox=\"0 0 1000 1000\" xmlns=\"http:\/\/www.w3.org\/2000\/svg\"><path d=\"M646 125C629 125 613 133 604 142L308 442C296 454 292 471 292 487 292 504 296 521 308 533L604 854C617 867 629 875 646 875 663 875 679 871 692 858 704 846 713 829 713 812 713 796 708 779 692 767L438 487 692 225C700 217 708 204 708 187 708 171 704 154 692 142 675 129 663 125 646 125Z\"><\/path><\/svg>\t\t\t\t\t<\/div>\n\t\t\t\t\t<div class=\"elementor-swiper-button elementor-swiper-button-next\" role=\"button\" tabindex=\"0\">\n\t\t\t\t\t\t<svg aria-hidden=\"true\" class=\"e-font-icon-svg e-eicon-chevron-right\" viewBox=\"0 0 1000 1000\" xmlns=\"http:\/\/www.w3.org\/2000\/svg\"><path d=\"M696 533C708 521 713 504 713 487 713 471 708 454 696 446L400 146C388 133 375 125 354 125 338 125 325 129 313 142 300 154 292 171 292 187 292 204 296 221 308 233L563 492 304 771C292 783 288 800 288 817 288 833 296 850 308 863 321 871 338 875 354 875 371 875 388 867 400 854L696 533Z\"><\/path><\/svg>\t\t\t\t\t<\/div>\n\t\t\t\t\n\t\t\t\t\t\t\t\t\t<div class=\"swiper-pagination\"><\/div>\n\t\t\t\t\t\t\t\t\t<\/div>\n\t\t\t\t\t\t<\/div>\n\t\t\t\t\t<\/div>\n\t\t\t\t<\/div>\n\t\t\t\t<\/div>\n\t\t","protected":false},"excerpt":{"rendered":"<p>Este lunes, la diputada nacional Gabriela Pedrali, impulsora del Plan Angelelli, entreg\u00f3 una nueva vivienda a una familia del barrio [&hellip;]<\/p>\n","protected":false},"author":1,"featured_media":4010,"comment_status":"closed","ping_status":"open","sticky":false,"template":"","format":"standard","meta":{"site-sidebar-layout":"default","site-content-layout":"","ast-site-content-layout":"default","site-content-style":"default","site-sidebar-style":"default","ast-global-header-display":"","ast-banner-title-visibility":"","ast-main-header-display":"","ast-hfb-above-header-display":"","ast-hfb-below-header-display":"","ast-hfb-mobile-header-display":"","site-post-title":"","ast-breadcrumbs-content":"","ast-featured-img":"","footer-sml-layout":"","theme-transparent-header-meta":"","adv-header-id-meta":"","stick-header-meta":"","header-above-stick-meta":"","header-main-stick-meta":"","header-below-stick-meta":"","astra-migrate-meta-layouts":"default","ast-page-background-enabled":"default","ast-page-background-meta":{"desktop":{"background-color":"var(--ast-global-color-5)","background-image":"","background-repeat":"repeat","background-position":"center center","background-size":"auto","background-attachment":"scroll","background-type":"","background-media":"","overlay-type":"","overlay-color":"","overlay-opacity":"","overlay-gradient":""},"tablet":{"background-color":"","background-image":"","background-repeat":"repeat","background-position":"center center","background-size":"auto","background-attachment":"scroll","background-type":"","background-media":"","overlay-type":"","overlay-color":"","overlay-opacity":"","overlay-gradient":""},"mobile":{"background-color":"","background-image":"","background-repeat":"repeat","background-position":"center center","background-size":"auto","background-attachment":"scroll","background-type":"","background-media":"","overlay-type":"","overlay-color":"","overlay-opacity":"","overlay-gradient":""}},"ast-content-background-meta":{"desktop":{"background-color":"var(--ast-global-color-4)","background-image":"","background-repeat":"repeat","background-position":"center center","background-size":"auto","background-attachment":"scroll","background-type":"","background-media":"","overlay-type":"","overlay-color":"","overlay-opacity":"","overlay-gradient":""},"tablet":{"background-color":"var(--ast-global-color-4)","background-image":"","background-repeat":"repeat","background-position":"center center","background-size":"auto","background-attachment":"scroll","background-type":"","background-media":"","overlay-type":"","overlay-color":"","overlay-opacity":"","overlay-gradient":""},"mobile":{"background-color":"var(--ast-global-color-4)","background-image":"","background-repeat":"repeat","background-position":"center center","background-size":"auto","background-attachment":"scroll","background-type":"","background-media":"","overlay-type":"","overlay-color":"","overlay-opacity":"","overlay-gradient":""}},"footnotes":""},"categories":[1],"tags":[],"class_list":["post-4004","post","type-post","status-publish","format-standard","has-post-thumbnail","hentry","category-sin-categoria"],"_links":{"self":[{"href":"https:\/\/planangelelli.larioja.gob.ar\/index.php?rest_route=\/wp\/v2\/posts\/4004","targetHints":{"allow":["GET"]}}],"collection":[{"href":"https:\/\/planangelelli.larioja.gob.ar\/index.php?rest_route=\/wp\/v2\/posts"}],"about":[{"href":"https:\/\/planangelelli.larioja.gob.ar\/index.php?rest_route=\/wp\/v2\/types\/post"}],"author":[{"embeddable":true,"href":"https:\/\/planangelelli.larioja.gob.ar\/index.php?rest_route=\/wp\/v2\/users\/1"}],"replies":[{"embeddable":true,"href":"https:\/\/planangelelli.larioja.gob.ar\/index.php?rest_route=%2Fwp%2Fv2%2Fcomments&post=4004"}],"version-history":[{"count":5,"href":"https:\/\/planangelelli.larioja.gob.ar\/index.php?rest_route=\/wp\/v2\/posts\/4004\/revisions"}],"predecessor-version":[{"id":4015,"href":"https:\/\/planangelelli.larioja.gob.ar\/index.php?rest_route=\/wp\/v2\/posts\/4004\/revisions\/4015"}],"wp:featuredmedia":[{"embeddable":true,"href":"https:\/\/planangelelli.larioja.gob.ar\/index.php?rest_route=\/wp\/v2\/media\/4010"}],"wp:attachment":[{"href":"https:\/\/planangelelli.larioja.gob.ar\/index.php?rest_route=%2Fwp%2Fv2%2Fmedia&parent=4004"}],"wp:term":[{"taxonomy":"category","embeddable":true,"href":"https:\/\/planangelelli.larioja.gob.ar\/index.php?rest_route=%2Fwp%2Fv2%2Fcategories&post=4004"},{"taxonomy":"post_tag","embeddable":true,"href":"https:\/\/planangelelli.larioja.gob.ar\/index.php?rest_route=%2Fwp%2Fv2%2Ftags&post=4004"}],"curies":[{"name":"wp","href":"https:\/\/api.w.org\/{rel}","templated":true}]}}